{"id":4061,"date":"2021-12-13T14:00:00","date_gmt":"2021-12-13T14:00:00","guid":{"rendered":"http:\/\/saic.uach.cl\/?p=4061"},"modified":"2022-10-14T14:14:57","modified_gmt":"2022-10-14T14:14:57","slug":"academicos-y-profesionales-uach-conforman-red-de-analisis-institucional","status":"publish","type":"post","link":"https:\/\/saic.uach.cl\/?p=4061","title":{"rendered":"Acad\u00e9micos y profesionales UACh conforman Red de An\u00e1lisis Institucional"},"content":{"rendered":"\t\t<div data-elementor-type=\"wp-post\" data-elementor-id=\"4061\" class=\"elementor elementor-4061\">\n\t\t\t\t\t\t\t\t\t<section class=\"elementor-section elementor-top-section elementor-element elementor-element-a7d1c65 elementor-section-boxed elementor-section-height-default elementor-section-height-default\" data-id=\"a7d1c65\" data-element_type=\"section\">\n\t\t\t\t\t\t<div class=\"elementor-container elementor-column-gap-default\">\n\t\t\t\t\t<div class=\"elementor-column elementor-col-100 elementor-top-column elementor-element elementor-element-228e1a8\" data-id=\"228e1a8\" data-element_type=\"column\">\n\t\t\t<div class=\"elementor-widget-wrap elementor-element-populated\">\n\t\t\t\t\t\t\t\t<div class=\"elementor-element elementor-element-9981983 elementor-widget elementor-widget-heading\" data-id=\"9981983\" data-element_type=\"widget\" data-widget_type=\"heading.default\">\n\t\t\t\t<div class=\"elementor-widget-container\">\n\t\t\t<style>\/*! elementor - v3.6.7 - 03-07-2022 *\/\n.elementor-heading-title{padding:0;margin:0;line-height:1}.elementor-widget-heading .elementor-heading-title[class*=elementor-size-]>a{color:inherit;font-size:inherit;line-height:inherit}.elementor-widget-heading .elementor-heading-title.elementor-size-small{font-size:15px}.elementor-widget-heading .elementor-heading-title.elementor-size-medium{font-size:19px}.elementor-widget-heading .elementor-heading-title.elementor-size-large{font-size:29px}.elementor-widget-heading .elementor-heading-title.elementor-size-xl{font-size:39px}.elementor-widget-heading .elementor-heading-title.elementor-size-xxl{font-size:59px}<\/style><h2 class=\"elementor-heading-title elementor-size-default\">La Red apunta a crear un espacio de colaboraci\u00f3n y aprendizaje que contribuya a fortalecer el sistema de an\u00e1lisis y gesti\u00f3n de informaci\u00f3n institucional.<\/h2>\t\t<\/div>\n\t\t\t\t<\/div>\n\t\t\t\t<div class=\"elementor-element elementor-element-69851da elementor-widget elementor-widget-read-more\" data-id=\"69851da\" data-element_type=\"widget\" data-widget_type=\"read-more.default\">\n\t\t\t\t<div class=\"elementor-widget-container\">\n\t\t\t<\/div><\/div><\/div><\/div><\/div><\/section><\/div> <a href=\"https:\/\/saic.uach.cl\/?p=4061#more-4061\" class=\"more-link elementor-more-link\"><span aria-label=\"Sigue leyendo Acad\u00e9micos y profesionales UACh conforman Red de An\u00e1lisis Institucional\">Sigue leyendo<\/span><\/a>","protected":false},"excerpt":{"rendered":"<p>La Red apunta a crear un espacio de colaboraci\u00f3n y aprendizaje que contribuya a fortalecer el sistema de an\u00e1lisis y gesti\u00f3n de informaci\u00f3n institucional.<\/p>\n","protected":false},"author":4,"featured_media":0,"comment_status":"open","ping_status":"open","sticky":false,"template":"","format":"standard","meta":{"footnotes":""},"categories":[1],"tags":[9],"class_list":["post-4061","post","type-post","status-publish","format-standard","hentry","category-sin-categoria","tag-red"],"_links":{"self":[{"href":"https:\/\/saic.uach.cl\/index.php?rest_route=\/wp\/v2\/posts\/4061","targetHints":{"allow":["GET"]}}],"collection":[{"href":"https:\/\/saic.uach.cl\/index.php?rest_route=\/wp\/v2\/posts"}],"about":[{"href":"https:\/\/saic.uach.cl\/index.php?rest_route=\/wp\/v2\/types\/post"}],"author":[{"embeddable":true,"href":"https:\/\/saic.uach.cl\/index.php?rest_route=\/wp\/v2\/users\/4"}],"replies":[{"embeddable":true,"href":"https:\/\/saic.uach.cl\/index.php?rest_route=%2Fwp%2Fv2%2Fcomments&post=4061"}],"version-history":[{"count":17,"href":"https:\/\/saic.uach.cl\/index.php?rest_route=\/wp\/v2\/posts\/4061\/revisions"}],"predecessor-version":[{"id":4079,"href":"https:\/\/saic.uach.cl\/index.php?rest_route=\/wp\/v2\/posts\/4061\/revisions\/4079"}],"wp:attachment":[{"href":"https:\/\/saic.uach.cl\/index.php?rest_route=%2Fwp%2Fv2%2Fmedia&parent=4061"}],"wp:term":[{"taxonomy":"category","embeddable":true,"href":"https:\/\/saic.uach.cl\/index.php?rest_route=%2Fwp%2Fv2%2Fcategories&post=4061"},{"taxonomy":"post_tag","embeddable":true,"href":"https:\/\/saic.uach.cl\/index.php?rest_route=%2Fwp%2Fv2%2Ftags&post=4061"}],"curies":[{"name":"wp","href":"https:\/\/api.w.org\/{rel}","templated":true}]}}