{"id":4083,"date":"2021-04-01T15:00:00","date_gmt":"2021-04-01T15:00:00","guid":{"rendered":"http:\/\/saic.uach.cl\/?p=4083"},"modified":"2023-04-28T21:42:46","modified_gmt":"2023-04-28T21:42:46","slug":"proyecto-busca-crear-una-cultura-de-aseguramiento-de-la-calidad-basada-en-evidencia","status":"publish","type":"post","link":"https:\/\/saic.uach.cl\/?p=4083","title":{"rendered":"DDE presenta proyecto AUS20101 a directivos y representantes de macro unidades UACh"},"content":{"rendered":"\t\t<div data-elementor-type=\"wp-post\" data-elementor-id=\"4083\" class=\"elementor elementor-4083\">\n\t\t\t\t\t\t\t\t\t<section class=\"elementor-section elementor-top-section elementor-element elementor-element-60f9366 elementor-section-boxed elementor-section-height-default elementor-section-height-default\" data-id=\"60f9366\" data-element_type=\"section\">\n\t\t\t\t\t\t<div class=\"elementor-container elementor-column-gap-default\">\n\t\t\t\t\t<div class=\"elementor-column elementor-col-100 elementor-top-column elementor-element elementor-element-c6c84b5\" data-id=\"c6c84b5\" data-element_type=\"column\">\n\t\t\t<div class=\"elementor-widget-wrap elementor-element-populated\">\n\t\t\t\t\t\t\t\t<div class=\"elementor-element elementor-element-8404ca4 elementor-widget elementor-widget-heading\" data-id=\"8404ca4\" data-element_type=\"widget\" data-widget_type=\"heading.default\">\n\t\t\t\t<div class=\"elementor-widget-container\">\n\t\t\t<style>\/*! elementor - v3.6.7 - 03-07-2022 *\/\n.elementor-heading-title{padding:0;margin:0;line-height:1}.elementor-widget-heading .elementor-heading-title[class*=elementor-size-]>a{color:inherit;font-size:inherit;line-height:inherit}.elementor-widget-heading .elementor-heading-title.elementor-size-small{font-size:15px}.elementor-widget-heading .elementor-heading-title.elementor-size-medium{font-size:19px}.elementor-widget-heading .elementor-heading-title.elementor-size-large{font-size:29px}.elementor-widget-heading .elementor-heading-title.elementor-size-xl{font-size:39px}.elementor-widget-heading .elementor-heading-title.elementor-size-xxl{font-size:59px}<\/style><h2 class=\"elementor-heading-title elementor-size-default\">La iniciativa, financiada por el Mineduc, fue presentada a directivos, representantes de macro unidades y a la Red de Aseguramiento Interno de la Calidad.<\/h2>\t\t<\/div>\n\t\t\t\t<\/div>\n\t\t\t\t<div class=\"elementor-element elementor-element-c8e3a1a elementor-widget elementor-widget-text-editor\" data-id=\"c8e3a1a\" data-element_type=\"widget\" data-widget_type=\"text-editor.default\">\n\t\t\t\t<div class=\"elementor-widget-container\">\n\t\t\t<style>\/*! elementor - v3.6.7 - 03-07-2022 *\/\n.elementor-widget-text-editor.elementor-drop-cap-view-stacked .elementor-drop-cap{background-color:#818a91;color:#fff}.elementor-widget-text-editor.elementor-drop-cap-view-framed .elementor-drop-cap{color:#818a91;border:3px solid;background-color:transparent}.elementor-widget-text-editor:not(.elementor-drop-cap-view-default) .elementor-drop-cap{margin-top:8px}.elementor-widget-text-editor:not(.elementor-drop-cap-view-default) .elementor-drop-cap-letter{width:1em;height:1em}.elementor-widget-text-editor .elementor-drop-cap{float:left;text-align:center;line-height:1;font-size:50px}.elementor-widget-text-editor .elementor-drop-cap-letter{display:inline-block}<\/style>\t\t\t\t<p>Construir una cultura de aseguramiento de la calidad basada en la evidencia, mejorando para ello las capacidades de an\u00e1lisis institucional es el objetivo del proyecto del Fondo de Desarrollo Institucional financiado por el Mineduc que fue presentado ante decanos, decana, autoridades, representantes de las diferentes macro unidades universitarias e integrantes de la Red de Aseguramiento Interno de la Calidad.<\/p><p>Los principales lineamientos de la iniciativa \u201cHacia una cultura del aseguramiento de la calidad basada en la evidencia en la Universidad Austral de Chile\u201d, fueron expuestos el pasado viernes 11 de junio por Guy Boisier, quien encabeza la Direcci\u00f3n de Desarrollo Estrat\u00e9gico (DDE) de la Universidad Austral de Chile y, a la vez, es responsable de este proyecto.<\/p><p>Boisier detall\u00f3 los principales alcances de esta iniciativa que apunta a generar nuevas pr\u00e1cticas en an\u00e1lisis institucional mejorando el acceso a los indicadores de los procesos clave de la instituci\u00f3n; fortalecer el an\u00e1lisis institucional en la UACh a trav\u00e9s del estudio de esos indicadores y apoyado en la difusi\u00f3n de buenas pr\u00e1cticas en aseguramiento de la calidad e instalar una red de an\u00e1lisis institucional interna.<\/p><p>Sobre este \u00faltimo punto profundiz\u00f3 Reinaldo Tan, jefe de la Unidad de Autoevaluaci\u00f3n y Calidad Institucional, quien explic\u00f3 que esta red de an\u00e1lisis se materializar\u00e1 en una Red de Gestores de Calidad, que busca reforzar las competencias de autoevaluaci\u00f3n, an\u00e1lisis y planificaci\u00f3n de quienes hoy trabajan en aseguramiento de la calidad en las distintas unidades universitarias, pero tambi\u00e9n se propone capacitar nuevos actores en el tema, por lo cual se dise\u00f1a un programa formativo que se dictar\u00e1 pr\u00f3ximamente.<\/p><p>El proyecto se ejecutar\u00e1 en el marco de 3 a\u00f1os y en la actualidad una consultora externa realiza el levantamiento de informaci\u00f3n necesaria para documentar los procesos y subprocesos clave de la UACh, por lo cual Boisier solicit\u00f3 la colaboraci\u00f3n de todas las macrounidades universitarias en esta fase. <\/p>\t\t\t\t\t\t<\/div>\n\t\t\t\t<\/div>\n\t\t\t\t<div class=\"elementor-element elementor-element-5b0541f elementor-widget elementor-widget-image\" data-id=\"5b0541f\" data-element_type=\"widget\" data-widget_type=\"image.default\">\n\t\t\t\t<div class=\"elementor-widget-container\">\n\t\t\t<style>\/*! elementor - v3.6.7 - 03-07-2022 *\/\n.elementor-widget-image{text-align:center}.elementor-widget-image a{display:inline-block}.elementor-widget-image a img[src$=\".svg\"]{width:48px}.elementor-widget-image img{vertical-align:middle;display:inline-block}<\/style>\t\t\t\t\t\t\t\t\t\t\t\t<img loading=\"lazy\" decoding=\"async\" width=\"706\" height=\"421\" src=\"https:\/\/saic.uach.cl\/wp-content\/uploads\/2021\/06\/Foto-1\u00b0-comunicado.jpg\" class=\"attachment-large size-large\" alt=\"\" srcset=\"https:\/\/saic.uach.cl\/wp-content\/uploads\/2021\/06\/Foto-1\u00b0-comunicado.jpg 706w, https:\/\/saic.uach.cl\/wp-content\/uploads\/2021\/06\/Foto-1\u00b0-comunicado-300x179.jpg 300w\" sizes=\"auto, (max-width: 706px) 100vw, 706px\" \/>\t\t\t\t\t\t\t\t\t\t\t\t\t\t\t<\/div>\n\t\t\t\t<\/div>\n\t\t\t\t\t<\/div>\n\t\t<\/div>\n\t\t\t\t\t\t\t<\/div>\n\t\t<\/section>\n\t\t\t\t\t\t\t<\/div>\n\t\t","protected":false},"excerpt":{"rendered":"<p>La iniciativa, financiada por el Mineduc, fue presentada a directivos, representantes de macro unidades y a la Red de Aseguramiento Interno de la Calidad. Construir una cultura de aseguramiento de la calidad basada en la evidencia, mejorando para ello las capacidades de an\u00e1lisis institucional es el objetivo del proyecto del Fondo de Desarrollo Institucional financiado [&hellip;]<\/p>\n","protected":false},"author":4,"featured_media":0,"comment_status":"open","ping_status":"open","sticky":false,"template":"","format":"standard","meta":{"footnotes":""},"categories":[1],"tags":[10],"class_list":["post-4083","post","type-post","status-publish","format-standard","hentry","category-sin-categoria","tag-proyecto"],"_links":{"self":[{"href":"https:\/\/saic.uach.cl\/index.php?rest_route=\/wp\/v2\/posts\/4083","targetHints":{"allow":["GET"]}}],"collection":[{"href":"https:\/\/saic.uach.cl\/index.php?rest_route=\/wp\/v2\/posts"}],"about":[{"href":"https:\/\/saic.uach.cl\/index.php?rest_route=\/wp\/v2\/types\/post"}],"author":[{"embeddable":true,"href":"https:\/\/saic.uach.cl\/index.php?rest_route=\/wp\/v2\/users\/4"}],"replies":[{"embeddable":true,"href":"https:\/\/saic.uach.cl\/index.php?rest_route=%2Fwp%2Fv2%2Fcomments&post=4083"}],"version-history":[{"count":17,"href":"https:\/\/saic.uach.cl\/index.php?rest_route=\/wp\/v2\/posts\/4083\/revisions"}],"predecessor-version":[{"id":4692,"href":"https:\/\/saic.uach.cl\/index.php?rest_route=\/wp\/v2\/posts\/4083\/revisions\/4692"}],"wp:attachment":[{"href":"https:\/\/saic.uach.cl\/index.php?rest_route=%2Fwp%2Fv2%2Fmedia&parent=4083"}],"wp:term":[{"taxonomy":"category","embeddable":true,"href":"https:\/\/saic.uach.cl\/index.php?rest_route=%2Fwp%2Fv2%2Fcategories&post=4083"},{"taxonomy":"post_tag","embeddable":true,"href":"https:\/\/saic.uach.cl\/index.php?rest_route=%2Fwp%2Fv2%2Ftags&post=4083"}],"curies":[{"name":"wp","href":"https:\/\/api.w.org\/{rel}","templated":true}]}}