{"id":6626,"date":"2026-04-16T13:47:41","date_gmt":"2026-04-16T13:47:41","guid":{"rendered":"https:\/\/saic.uach.cl\/?p=6626"},"modified":"2026-04-17T13:51:59","modified_gmt":"2026-04-17T13:51:59","slug":"consejo-de-calidad-sesiono-con-dos-nuevos-integrantes-del-medio-externo","status":"publish","type":"post","link":"https:\/\/saic.uach.cl\/?p=6626","title":{"rendered":"Consejo de Calidad sesion\u00f3 con dos nuevos integrantes del medio externo"},"content":{"rendered":"\n<p>Escrito por&nbsp;<a>Jos\u00e9 Luis G\u00f3mez\/ DIRCOM UACh<\/a>&nbsp;<a>Fotografia:&nbsp;Carlos Ross\/ Prensa DIRCOM UACh.<\/a>&nbsp;16\/04\/2026<\/p>\n\n\n\n<figure class=\"wp-block-image\"><a href=\"https:\/\/diario.uach.cl\/wp-content\/uploads\/2026\/04\/WhatsApp-Image-2026-04-15-at-09.37.01-6.jpeg\"><img decoding=\"async\" src=\"https:\/\/diario.uach.cl\/wp-content\/uploads\/2026\/04\/WhatsApp-Image-2026-04-15-at-09.37.01-6-1170x780.jpeg\" alt=\"Consejo de Calidad sesion\u00f3 con dos nuevos integrantes del medio externo\" \/><\/a><\/figure>\n\n\n\n<p><em>Se trata de dos consejeros con amplia experiencia en educaci\u00f3n superior y en pol\u00edticas p\u00fablicas: el Dr. \u00c1lvaro Rojas, Director Ejecutivo de CINDA, y el Dr. Jos\u00e9 Joaqu\u00edn Brunner.<\/em><\/p>\n\n\n\n<p>Con dos nuevos integrantes del medio externo se realiz\u00f3 la primera sesi\u00f3n del a\u00f1o del Consejo de Calidad de la Universidad Austral de Chile, el cual tiene como funci\u00f3n principal supervisar, orientar y sugerir la operaci\u00f3n efectiva del Sistema de Aseguramiento Interno de la Calidad (SAIC UACh). La labor de este consejo contribuye al proceso de acreditaci\u00f3n institucional.<\/p>\n\n\n\n<p>La sesi\u00f3n se llev\u00f3 a cabo en la Casa Central de la UACh y cont\u00f3 con la presencia del Rector Dr. Egon Montecinos, del Prorrector Dr. Gustavo Blanco -quien preside este consejo- y el Director de Desarrollo Estrat\u00e9gico Dr. Marco Antonio Vega.<\/p>\n\n\n\n<p>En la oportunidad fueron presentados los dos consejeros externos con amplia experiencia en educaci\u00f3n superior y en pol\u00edticas p\u00fablicas: el Dr. \u00c1lvaro Rojas, Director Ejecutivo del Centro Interuniversitario de Desarrollo (CINDA), y el acad\u00e9mico y especialista en educaci\u00f3n superior Dr. Jos\u00e9 Joaqu\u00edn Brunner, quien se sum\u00f3 de manera online.<\/p>\n\n\n\n<p>El Prorrector Dr. Gustavo Blanco destac\u00f3 que \u201cestamos constituyendo en este acto un nuevo consejo de calidad que tiene dos consejeros externos de gran experiencia en instituciones de educaci\u00f3n superior y en el mundo universitario, como el Dr. \u00c1lvaro Rojas, quien por muchos a\u00f1os fue Rector de la Universidad de Talca, Ministro de Agricultura y actualmente es Director Ejecutivo de CINDA; y el Dr. Jos\u00e9 Joaqu\u00edn Brunnner, profesor em\u00e9rito en la Universidad Diego Portales, fue ex Ministro de Educaci\u00f3n y con amplia experiencia en el sistema de educaci\u00f3n superior chileno\u201d.<\/p>\n\n\n\n<p>Explic\u00f3 que \u201cjunto a ellos y el equipo directivo que compone el Consejo de Calidad y la Direcci\u00f3n de Desarrollo Estrat\u00e9gico, hemos analizado nuestros avances institucionales en la instalaci\u00f3n del sistema de aseguramiento interno de la calidad y hemos proyectado los desaf\u00edos que se desprendan en el actual contexto universitario y de la Universidad Austral de Chile\u201d.<br><img loading=\"lazy\" decoding=\"async\" width=\"300\" height=\"200\" src=\"https:\/\/diario.uach.cl\/wp-content\/uploads\/2026\/04\/WhatsApp-Image-2026-04-15-at-09.37.01-2-300x200.jpeg\" alt=\"\">              <img loading=\"lazy\" decoding=\"async\" width=\"300\" height=\"200\" src=\"https:\/\/diario.uach.cl\/wp-content\/uploads\/2026\/04\/WhatsApp-Image-2026-04-15-at-09.37.01-5-300x200.jpeg\" alt=\"\"><br><strong>Avances y desaf\u00edos<\/strong><\/p>\n\n\n\n<p>El Director de Desarrollo Estrat\u00e9gico Dr. Marco Antonio Vega explic\u00f3 que en esta actividad \u201cpudimos revisar los avances que hemos tenido en este periodo, como por ejemplo la existencia de un reglamento de aseguramiento de la calidad, un reglamento de planificaci\u00f3n y manuales de buenas pr\u00e1cticas. Tambi\u00e9n hemos avanzado en nuestra planificaci\u00f3n estrat\u00e9gica del a\u00f1o 2025 y ahora con el trabajo que estamos desarrollando con las macrounidades y las sedes para levantar sus planes estrat\u00e9gicos y sus instrumentos estrat\u00e9gicos alineados con nuestra planificaci\u00f3n\u201d.<\/p>\n\n\n\n<p>Desde una mirada externa, el Dr. \u00c1lvaro Rojas inform\u00f3 que \u201chemos conocido el plan de mejoramiento de la Universidad Austral, est\u00e1n avanzando de manera importante hacia una serie de redefiniciones, incluso estatutarias, y el poder discutir sobre las tendencias nuevas y modernas del mejoramiento de la calidad es para nosotros muy grato. CINDA siempre ha sido una instituci\u00f3n que ha adelantado procesos y por lo menos lo que a m\u00ed respecta di a conocer cu\u00e1l es la tendencia moderna en el mejoramiento de la calidad, que tiene que ver fundamentalmente con el promover la cultura de la calidad a trav\u00e9s de sistemas internos del mejoramiento de la calidad\u201d.<\/p>\n\n\n\n<p><strong><br>Integrantes del Consejo de Calidad UACh<\/strong><\/p>\n\n\n\n<p>El Consejo de Calidad, de acuerdo a lo establecido en los DR N\u00b0071\/2019 y N\u00b0068\/2025, est\u00e1 integrado por el(la) Prorrector(a), quien lo preside; los(as) Vicerrectores(as); tres representantes del Consejo Acad\u00e9mico, nombrados(as) por \u00e9ste en sesi\u00f3n ordinaria y\/o extraordinaria; dos representantes externos(as) a la comunidad universitaria, con experiencia verificable en educaci\u00f3n superior, en materias de calidad y de acreditaci\u00f3n, nombrados(as) por el(la) Rector(a); y el(la) Director(a) de la Direcci\u00f3n de Desarrollo Estrat\u00e9gico, solo con derecho a voz, quien rendir\u00e1 cuenta al Consejo sobre el funcionamiento del SAIC-UACh.<\/p>\n\n\n\n<p>Uno de los representantes del Consejo Acad\u00e9mico es el Decano de la Facultad de Arquitectura y Artes, Dr. Felipe Pinto d\u2019Aguiar, quien mencion\u00f3: \u201cDestaco especialmente dos preguntas del Dr. Rojas. La primera fue sobre el modelo educativo y su lugar central en la gesti\u00f3n universitaria; la segunda, relativa a la importancia de evaluar el desempe\u00f1o de acad\u00e9micos. Considero que estos dos puntos son centrales no solo con miras a la pr\u00f3xima acreditaci\u00f3n, sino como parte de acciones permanentes orientadas a la calidad. Por \u00faltimo, recojo tambi\u00e9n un tema que emergi\u00f3 en la conversaci\u00f3n que es el prestigio de la instituci\u00f3n como elemento fundamental y que debe ser cuidado y cultivado: es decir, que la universidad mantenga un posicionamiento como referente cultural y fuente de conocimiento en la sociedad\u201d.<\/p>\n\n\n\n<p>En esta sesi\u00f3n participaron como invitados(as) tambi\u00e9n Marcela Gonz\u00e1lez, Coordinadora de la Unidad de Estudios y Seguimiento de la Direcci\u00f3n de Vinculaci\u00f3n con el Medio (en representaci\u00f3n del Director de Vinculaci\u00f3n con el Medio); Nancy Ampuero Aravena, Jefa de la Unidad de Autoevaluaci\u00f3n y Calidad Institucional; Felipe Leiva Morey, Jefe de la Unidad de An\u00e1lisis Institucional y de Planificaci\u00f3n Estrat\u00e9gica Institucional; y Carolina Vidal Cabezas, Gestora de Aseguramiento Interno de la Calidad.<\/p>\n\n\n\n<figure class=\"wp-block-image\"><img decoding=\"async\" src=\"https:\/\/diario.uach.cl\/wp-content\/uploads\/2026\/04\/WhatsApp-Image-2026-04-15-at-09.37.01-3-300x200.jpeg\" alt=\"\" class=\"wp-image-221708\" \/><\/figure>\n\n\n\n<p>Fuente: <a href=\"https:\/\/diario.uach.cl\/consejo-de-calidad-sesiono-con-dos-nuevos-integrantes-del-medio-externo\/\">https:\/\/diario.uach.cl\/consejo-de-calidad-sesiono-con-dos-nuevos-integrantes-del-medio-externo\/<\/a><\/p>\n","protected":false},"excerpt":{"rendered":"<p>Escrito por&nbsp;Jos\u00e9 Luis G\u00f3mez\/ DIRCOM UACh&nbsp;Fotografia:&nbsp;Carlos Ross\/ Prensa DIRCOM UACh.&nbsp;16\/04\/2026 Se trata de dos consejeros con amplia experiencia en educaci\u00f3n superior y en pol\u00edticas p\u00fablicas: el Dr. \u00c1lvaro Rojas, Director Ejecutivo de CINDA, y el Dr. Jos\u00e9 Joaqu\u00edn Brunner. Con dos nuevos integrantes del medio externo se realiz\u00f3 la primera sesi\u00f3n del a\u00f1o del Consejo [&hellip;]<\/p>\n","protected":false},"author":5,"featured_media":0,"comment_status":"open","ping_status":"open","sticky":false,"template":"","format":"standard","meta":{"footnotes":""},"categories":[1],"tags":[],"class_list":["post-6626","post","type-post","status-publish","format-standard","hentry","category-sin-categoria"],"_links":{"self":[{"href":"https:\/\/saic.uach.cl\/index.php?rest_route=\/wp\/v2\/posts\/6626","targetHints":{"allow":["GET"]}}],"collection":[{"href":"https:\/\/saic.uach.cl\/index.php?rest_route=\/wp\/v2\/posts"}],"about":[{"href":"https:\/\/saic.uach.cl\/index.php?rest_route=\/wp\/v2\/types\/post"}],"author":[{"embeddable":true,"href":"https:\/\/saic.uach.cl\/index.php?rest_route=\/wp\/v2\/users\/5"}],"replies":[{"embeddable":true,"href":"https:\/\/saic.uach.cl\/index.php?rest_route=%2Fwp%2Fv2%2Fcomments&post=6626"}],"version-history":[{"count":1,"href":"https:\/\/saic.uach.cl\/index.php?rest_route=\/wp\/v2\/posts\/6626\/revisions"}],"predecessor-version":[{"id":6627,"href":"https:\/\/saic.uach.cl\/index.php?rest_route=\/wp\/v2\/posts\/6626\/revisions\/6627"}],"wp:attachment":[{"href":"https:\/\/saic.uach.cl\/index.php?rest_route=%2Fwp%2Fv2%2Fmedia&parent=6626"}],"wp:term":[{"taxonomy":"category","embeddable":true,"href":"https:\/\/saic.uach.cl\/index.php?rest_route=%2Fwp%2Fv2%2Fcategories&post=6626"},{"taxonomy":"post_tag","embeddable":true,"href":"https:\/\/saic.uach.cl\/index.php?rest_route=%2Fwp%2Fv2%2Ftags&post=6626"}],"curies":[{"name":"wp","href":"https:\/\/api.w.org\/{rel}","templated":true}]}}